{"id":2964,"date":"2020-08-18T11:40:13","date_gmt":"2020-08-18T10:40:13","guid":{"rendered":"http:\/\/tv1863-gross-zimmern.de\/wordpress\/?p=2964"},"modified":"2020-10-26T12:48:14","modified_gmt":"2020-10-26T11:48:14","slug":"erweitertes-klein-kindertraining-und-jugendtraining-im-tv-ab-24-08-2020","status":"publish","type":"post","link":"https:\/\/www.tv1863-gross-zimmern.de\/?p=2964","title":{"rendered":"Erweitertes Baby-\/ Klein-Kindertraining und Jugendtraining im TV ab 24.08.2020"},"content":{"rendered":"<p>Liebe Mitglieder und Freunde des TV Gro\u00df-Zimmern!<\/p>\n<p>Seit der KW 35 (ab 24.08.20), kommen immer wieder neue\/ weitere \u00dcbungsangebote im Baby, Kleinkinder, Kinder und Jugendbereich beim TV Gro\u00df-Zimmern dazu. <span style=\"text-decoration: underline;\"><strong>Bitte lesen Sie sich\/ lest euch die weiter unten angef\u00fcgten Anh\u00e4nge (blaue Schrift) -zum Ablauf- aufmerksam durch!<\/strong><\/span> Sollten daraus Fragen entstehen, bitte bei der TV Gesch\u00e4ftsstelle melden! Euer TV Team<\/p>\n<p>Folgende \u00dcbungsangebote\/ Trainingsstunden werden wieder angeboten (ohne die eingeplanten &#8222;Pufferzeiten&#8220;, siehe Anhang). Informationen zum Start der Abteilung TAE KWON DO befinden sich auf der Abteilungsseite dieser Homepage :<\/p>\n<p><strong>Montag:<\/strong><\/p>\n<ul>\n<li>\u00a0Leistungsturnen Minis ab 5 J.\/ Kleine\/ Mittlere Gruppe: 14-15 \/ 15-17\/ 16-18, GRH<\/li>\n<li>Turnen: Jungs (5-7 Jahre) 15:50-16:40; (ab 8 Jahren) 16:50-17:50, Alte Turnhalle: mit neuem Trainer: Michael Ockel<\/li>\n<li>Rhythmische Gymnastik (RG) Mini und Midi: 15:00-16:15, GRH <strong>(findet am 26.10.20 nicht statt!)<\/strong><\/li>\n<li>Fun Dance (M\u00e4dchen und Jungs ab 7 Jahre): 16:00-17:15, Kletterhalle<strong> (findet am 26.10.2020 nicht statt)<\/strong><\/li>\n<li>RG Junior Wettkampf: 16:30-19:00, Mehrzweckhalle <strong>(findet am 26.10.2020 nicht statt)<\/strong><\/li>\n<\/ul>\n<p><strong>Dienstag:<\/strong><\/p>\n<ul>\n<li>Babyturnen (3-7 Monate) 9:30-10:00,\u00a0<strong>MZH Gro\u00df-Zimmern, ab 15.9.2020, Anmeldung bitte \u00fcber die TV Gesch\u00e4ftsstelle;\u00a0 <\/strong>mitzubringen sind: eigene wasserdichte Unterlage und <span style=\"text-decoration: underline;\">gro\u00dfes<\/span> (Bade-) Handtuch, Wechselkleidung f\u00fcr das Baby, Mundschutz. Wer m\u00f6chte, eigenes H\u00e4ndedesinfektionsmittel, eigene Gymnastikmatte.<\/li>\n<li>Babyturnen (8 Monate bis zum Laufen) 10:15-10:45, <strong>MZH Gro\u00df-Zimmern, ab 15.09.2020, Anmeldung bitte \u00fcber die TV Gesch\u00e4ftsstelle;\u00a0<\/strong>mitzubringen sind: <span style=\"text-decoration: underline;\">gro\u00dfes<\/span> (Bade-) Handtuch, Mundschutz. Wer m\u00f6chte, eigenes H\u00e4ndedesinfektionsmittel.<\/li>\n<li>Turnen: (5-8 Jahre) 14:30-15:30, GRH<\/li>\n<li>\u00a0Leichtathletik: (8-12 Jahre) 15:30-16:30, GRH<\/li>\n<\/ul>\n<p><strong>Mittwoch:<\/strong><\/p>\n<ul>\n<li>Leichtathletik (8-12 Jahre): 15:00-16:30, GRH<\/li>\n<li>Kreativer Tanz (4-6 Jahre): 15-16 Uhr, Kletterhalle<strong> (findet am 28.10.2020 nicht statt)<\/strong><\/li>\n<li>Ballschule (4-6 Jahre): 15:45-16:45, MZH<strong>, Achtung: entf\u00e4llt vom 19.10.-01.11.2020!<\/strong><\/li>\n<li><span style=\"display: inline !important; float: none; background-color: #ffffff; color: #333333; font-family: 'Oxygen',Tahoma,Arial; font-size: 16px; font-style: normal; font-variant: normal; font-weight: 400; letter-spacing: normal; orphans: 2; text-align: left; text-decoration: none; text-indent: 0px; text-transform: none; -webkit-text-stroke-width: 0px; white-space: normal; word-spacing: 0px;\">Mini-Handball (6-8 Jahre): 17:00-18:00, MZH;\u00a0<strong>Achtung: entf\u00e4llt vom 19.10.-01.11.2020!<\/strong><\/span><b><\/b><i><\/i><u><\/u><\/li>\n<li>Turnen (ab 13 Jahre): 16:30-18:00, GRH<\/li>\n<li>\u00a0Handball (F Minis): 15:30-17:00, ASS neue Turnhalle;\u00a0<strong>Achtung: entf\u00e4llt vom 19.10.-01.11.2020!<\/strong><\/li>\n<\/ul>\n<p><strong>Donnerstag:<\/strong><\/p>\n<ul>\n<li>Purzelturnen (3-5 Jahre): 14:30-15:15, GRH<\/li>\n<li>Mutter\/Kind-Turnen (ab 2 Jahre bzw. bei sehr sicherem, eigenst\u00e4ndigen Laufen des Kindes ist schon eine Teilnahme unter 2 Jahren m\u00f6glich -eventuell ist eine R\u00fccksprache mit \u00dcL vor Ort sinnvoll): 15:15-16:00, GRH<\/li>\n<\/ul>\n<p><strong>Freitag:<\/strong><\/p>\n<ul>\n<li>Badminton (Mini Anf\u00e4nger): 15:30-16:50 ASS neue Halle<\/li>\n<li>Badminton (Sch\u00fcler\/Jugend Hobby): 17:00-18:20 ASS neue Halle<\/li>\n<li>Turnen (ab 9 Jahre): 15:00-16:30, GRH<\/li>\n<li>Leichathletik (ab 5 Jahre): 16:30-18:00, GRH<\/li>\n<li>Garde (6-11 Jahre): 16:30-17:30, Kletterhalle<\/li>\n<li>Garde (12-16 Jahre): 16:30-17:30, Kletterhalle<\/li>\n<\/ul>\n<p>&nbsp;<\/p>\n<p><a href=\"https:\/\/www.tv1863-gross-zimmern.de\/wp-content\/uploads\/2020\/08\/TV-Kindercoronakonzept-ab-18.8.2020-TV-Homepageversion.pdf\">TV Kindercoronakonzept ab 18.8.2020 TV Homepageversion<\/a><\/p>\n<p>&nbsp;<\/p>\n<p><a href=\"https:\/\/www.tv1863-gross-zimmern.de\/wp-content\/uploads\/2020\/08\/TV-Kinderteilnahmevordruck-ab-18.8.2020-1.pdf\">TV Kinderteilnahmevordruck ab 18.8.2020<\/a><\/p>\n<p>&nbsp;<\/p>\n<p>&nbsp;<\/p>\n<p>&nbsp;<\/p>\n<p>&nbsp;<\/p>\n","protected":false},"excerpt":{"rendered":"<p>Liebe Mitglieder und Freunde des TV Gro\u00df-Zimmern! Seit der KW 35 (ab 24.08.20), kommen immer wieder neue\/ weitere \u00dcbungsangebote im Baby, Kleinkinder, Kinder und Jugendbereich<\/p>\n","protected":false},"author":6,"featured_media":0,"comment_status":"closed","ping_status":"closed","sticky":false,"template":"","format":"standard","meta":{"footnotes":""},"categories":[11],"tags":[],"class_list":["post-2964","post","type-post","status-publish","format-standard","hentry","category-verein"],"_links":{"self":[{"href":"https:\/\/www.tv1863-gross-zimmern.de\/index.php?rest_route=\/wp\/v2\/posts\/2964","targetHints":{"allow":["GET"]}}],"collection":[{"href":"https:\/\/www.tv1863-gross-zimmern.de\/index.php?rest_route=\/wp\/v2\/posts"}],"about":[{"href":"https:\/\/www.tv1863-gross-zimmern.de\/index.php?rest_route=\/wp\/v2\/types\/post"}],"author":[{"embeddable":true,"href":"https:\/\/www.tv1863-gross-zimmern.de\/index.php?rest_route=\/wp\/v2\/users\/6"}],"replies":[{"embeddable":true,"href":"https:\/\/www.tv1863-gross-zimmern.de\/index.php?rest_route=%2Fwp%2Fv2%2Fcomments&post=2964"}],"version-history":[{"count":22,"href":"https:\/\/www.tv1863-gross-zimmern.de\/index.php?rest_route=\/wp\/v2\/posts\/2964\/revisions"}],"predecessor-version":[{"id":3213,"href":"https:\/\/www.tv1863-gross-zimmern.de\/index.php?rest_route=\/wp\/v2\/posts\/2964\/revisions\/3213"}],"wp:attachment":[{"href":"https:\/\/www.tv1863-gross-zimmern.de\/index.php?rest_route=%2Fwp%2Fv2%2Fmedia&parent=2964"}],"wp:term":[{"taxonomy":"category","embeddable":true,"href":"https:\/\/www.tv1863-gross-zimmern.de\/index.php?rest_route=%2Fwp%2Fv2%2Fcategories&post=2964"},{"taxonomy":"post_tag","embeddable":true,"href":"https:\/\/www.tv1863-gross-zimmern.de\/index.php?rest_route=%2Fwp%2Fv2%2Ftags&post=2964"}],"curies":[{"name":"wp","href":"https:\/\/api.w.org\/{rel}","templated":true}]}}